{"id":1431,"date":"2023-12-19T12:34:56","date_gmt":"2023-12-19T17:34:56","guid":{"rendered":"https:\/\/gombergdalfen.ca\/?p=1431"},"modified":"2025-11-27T13:41:11","modified_gmt":"2025-11-27T18:41:11","slug":"reouverture-du-programme-des-immigrants-investisseurs-du-quebec-par-le-gouvernement-du-quebec","status":"publish","type":"post","link":"https:\/\/gombergdalfen.ca\/fr\/reouverture-du-programme-des-immigrants-investisseurs-du-quebec-par-le-gouvernement-du-quebec\/","title":{"rendered":"R\u00e9ouverture du Programme des immigrants investisseurs du Qu\u00e9bec par le gouvernement du Qu\u00e9bec"},"content":{"rendered":"<p>Le gouvernement du Qu\u00e9bec a annonc\u00e9 la r\u00e9ouverture du Programme des immigrants investisseurs du Qu\u00e9bec (PIIQ) \u00e0 partir du 1er janvier 2024.<\/p>\n<p>Le PIIQ est le seul programme d&rsquo;immigration d\u2019affaires au Canada qui n\u2019exige pas de l\u2019Investisseur \u00e9tranger de faire la preuve d\u2019une gestion active d\u2019une entreprise au Canada, y compris le commencement ou d\u00e9veloppement d\u2019activit\u00e9s commerciales au Canada ou l\u2019embauche de personnels ou d\u2019employ\u00e9s au Canada.<\/p>\n<p>Le gouvernement du Qu\u00e9bec cherche \u00e0 maintenir un taux \u00e9lev\u00e9 d\u2019immigration \u00e9conomique francophone dans la province du Qu\u00e9bec. Les preuves de connaissance du fran\u00e7ais accept\u00e9es par Immigration Qu\u00e9bec au moment de la soumission de la demande sont les attestations de r\u00e9sultats de tests ou les dipl\u00f4mes pour des tests de fran\u00e7ais reconnus tels que le TEFAQ, TEF Canada, TCF, TCFQ et DELF\/DALF qui confirment que le candidat a atteint un niveau B2 ou plus en fran\u00e7ais oral (compr\u00e9hension orale et production orale) et\/ou en fran\u00e7ais \u00e9crit (lecture et \u00e9criture).<\/p>\n<p>Les demandeurs doivent aussi d\u00e9montrer qu\u2019ils rencontrent les crit\u00e8res suivants au moment du d\u00e9p\u00f4t de leur demande:<\/p>\n<ul>\n<li>\u00catre \u00e2g\u00e9 d&rsquo;au moins 18 ans;<\/li>\n<li>\u00catre titulaire d&rsquo;un dipl\u00f4me qui correspond au moins \u00e0 un dipl\u00f4me d&rsquo;\u00e9tudes secondaires au Qu\u00e9bec;<\/li>\n<li>Avoir au moins deux ann\u00e9es d\u2019exp\u00e9rience en gestion au cours de la p\u00e9riode de cinq ans pr\u00e9c\u00e9dant le d\u00e9p\u00f4t de la demande;<\/li>\n<li>Disposer d\u2019un avoir net d\u2019au moins 2,000,000 $ accompagn\u00e9 d&rsquo;une preuve de l\u2019origine licite des fonds accumul\u00e9s.<\/li>\n<\/ul>\n<p>En outre, les demandeurs int\u00e9ress\u00e9s devront accepter et signer une convention d\u2019investissement avec un interm\u00e9diaire financier autoris\u00e9 par le gouvernement du Qu\u00e9bec. Une fois leur demande approuv\u00e9e, ils devront faire un investissement de 1,000,000 $ CAD sur une p\u00e9riode de cinq ans aupr\u00e8s d&rsquo;IQ Immigrants Investisseurs Inc. (IQII), une soci\u00e9t\u00e9 d&rsquo;\u00c9tat qu\u00e9b\u00e9coise. L\u2019investissement est garanti et ne comporte pas d&rsquo;int\u00e9r\u00eat. De plus, les demandeurs devront verser une contribution financi\u00e8re non remboursable de 200,000 $ CAD au gouvernement du Qu\u00e9bec.<\/p>\n<p>Une fois que les demandeurs auront satisfait aux exigences financi\u00e8res du Programme d&rsquo;immigration et d\u2019investissement du Qu\u00e9bec, ils seront invit\u00e9s \u00e0 pr\u00e9senter une demande de permis de travail canadien d\u2019une dur\u00e9e de trois ans aupr\u00e8s d\u2019Immigration, R\u00e9fugi\u00e9s et Citoyennet\u00e9 Canada (IRCC). Le demandeur principal et, le cas \u00e9ch\u00e9ant, son \u00e9poux(se)\/conjoint(e) de fait doivent rencontrer une obligation de r\u00e9sidence au Qu\u00e9bec d&rsquo;un minimum de douze mois au cours des deux premi\u00e8res ann\u00e9es suivant la d\u00e9livrance de leur permis de travail canadien. Le demandeur principal doit r\u00e9sider au Qu\u00e9bec pour une p\u00e9riode d&rsquo;au moins six mois, les six mois de r\u00e9sidence restants pouvant \u00eatre satisfaits par le demandeur principal ou son \u00e9poux(se)\/conjoint(e) de fait. Une fois que l&rsquo;obligation de r\u00e9sidence est satisfaite, le demandeur et son \u00e9poux(se)\/conjoint(e) de fait peuvent pr\u00e9senter leur demande pour un Certificat s\u00e9lection du Qu\u00e9bec (CSQ) \u00e0 l\u2019int\u00e9rieur Qu\u00e9bec et, une fois les CSQs re\u00e7us, pr\u00e9senter leur demande de r\u00e9sidence permanente au Canada aupr\u00e8s d\u2019IRCC.<\/p>\n<p>La r\u00e9ouverture du Programme des immigrants investisseurs du Qu\u00e9bec est pr\u00e9vue pour le 1er janvier 2024. Le programme ne pr\u00e9voit ni quota, ni date limite pour la soumission d&rsquo;une demande dans le cadre du programme.<\/p>\n<p>Comme nous l\u2019avons fait au fil des ans, l\u2019\u00e9quipe Gomberg Dalfen continuera \u00e0 vous tenir au courant des d\u00e9veloppements en mati\u00e8re de droit de l\u2019immigration au Canada. L\u2019\u00e9quipe Gomberg Dalfen vous souhaite de joyeuses f\u00eates et un bon nouvel an!<\/p>\n<p><strong>Message de l\u2019\u00e9quipe :<\/strong><\/p>\n<p>Toute l\u2019\u00e9quipe de Gomberg Dalfen reste disponible pour r\u00e9pondre \u00e0 toute question, pr\u00e9occupation ou mandat que vous pourriez avoir. Vous pourrez nous joindre \u00e0 nos adresses courriel et num\u00e9ros de t\u00e9l\u00e9phone habituels. Nous vous invitons \u00e0 contacter un de nos avocats si vous avez besoin d\u2019aide ou si vous avez des questions.<\/p>\n<p><em>***Remarque : Les informations contenues dans ce bulletin ne doivent pas \u00eatre consid\u00e9r\u00e9es comme des conseils juridiques. Le contenu de ce bulletin est destin\u00e9 \u00e0 \u00eatre g\u00e9n\u00e9ral et ne doit pas \u00eatre invoqu\u00e9 pour chaque cas ou situation particuli\u00e8re.***<\/em><\/p>\n","protected":false},"excerpt":{"rendered":"<p>Le gouvernement du Qu\u00e9bec a annonc\u00e9 la r\u00e9ouverture du Programme des immigrants investisseurs du Qu\u00e9bec (PIIQ) \u00e0 partir du 1er janvier 2024.<\/p>\n","protected":false},"author":3,"featured_media":0,"comment_status":"closed","ping_status":"closed","sticky":false,"template":"","format":"standard","meta":{"_acf_changed":false,"footnotes":""},"categories":[23],"tags":[],"class_list":["post-1431","post","type-post","status-publish","format-standard","hentry","category-bulletins-juridiques"],"acf":[],"yoast_head":"<!-- This site is optimized with the Yoast SEO plugin v27.3 - https:\/\/yoast.com\/product\/yoast-seo-wordpress\/ -->\n<title>R\u00e9ouverture du Programme des immigrants investisseurs du Qu\u00e9bec par le gouvernement du Qu\u00e9bec - Gomberg Dalfen S.E.N.C.<\/title>\n<meta name=\"robots\" content=\"index, follow, max-snippet:-1, max-image-preview:large, max-video-preview:-1\" \/>\n<link rel=\"canonical\" href=\"https:\/\/gombergdalfen.ca\/fr\/reouverture-du-programme-des-immigrants-investisseurs-du-quebec-par-le-gouvernement-du-quebec\/\" \/>\n<meta property=\"og:locale\" content=\"fr_FR\" \/>\n<meta property=\"og:type\" content=\"article\" \/>\n<meta property=\"og:title\" content=\"R\u00e9ouverture du Programme des immigrants investisseurs du Qu\u00e9bec par le gouvernement du Qu\u00e9bec - Gomberg Dalfen S.E.N.C.\" \/>\n<meta property=\"og:description\" content=\"Le gouvernement du Qu\u00e9bec a annonc\u00e9 la r\u00e9ouverture du Programme des immigrants investisseurs du Qu\u00e9bec (PIIQ) \u00e0 partir du 1er janvier 2024.\" \/>\n<meta property=\"og:url\" content=\"https:\/\/gombergdalfen.ca\/fr\/reouverture-du-programme-des-immigrants-investisseurs-du-quebec-par-le-gouvernement-du-quebec\/\" \/>\n<meta property=\"og:site_name\" content=\"Gomberg Dalfen S.E.N.C.\" \/>\n<meta property=\"article:published_time\" content=\"2023-12-19T17:34:56+00:00\" \/>\n<meta property=\"article:modified_time\" content=\"2025-11-27T18:41:11+00:00\" \/>\n<meta property=\"og:image\" content=\"https:\/\/gombergdalfen.ca\/wp-content\/uploads\/2020\/02\/website-thumbnail.jpg\" \/>\n\t<meta property=\"og:image:width\" content=\"925\" \/>\n\t<meta property=\"og:image:height\" content=\"768\" \/>\n\t<meta property=\"og:image:type\" content=\"image\/jpeg\" \/>\n<meta name=\"author\" content=\"Citrus\" \/>\n<meta name=\"twitter:card\" content=\"summary_large_image\" \/>\n<meta name=\"twitter:label1\" content=\"\u00c9crit par\" \/>\n\t<meta name=\"twitter:data1\" content=\"Citrus\" \/>\n\t<meta name=\"twitter:label2\" content=\"Dur\u00e9e de lecture estim\u00e9e\" \/>\n\t<meta name=\"twitter:data2\" content=\"4 minutes\" \/>\n<script type=\"application\/ld+json\" class=\"yoast-schema-graph\">{\"@context\":\"https:\\\/\\\/schema.org\",\"@graph\":[{\"@type\":\"Article\",\"@id\":\"https:\\\/\\\/gombergdalfen.ca\\\/fr\\\/reouverture-du-programme-des-immigrants-investisseurs-du-quebec-par-le-gouvernement-du-quebec\\\/#article\",\"isPartOf\":{\"@id\":\"https:\\\/\\\/gombergdalfen.ca\\\/fr\\\/reouverture-du-programme-des-immigrants-investisseurs-du-quebec-par-le-gouvernement-du-quebec\\\/\"},\"author\":{\"name\":\"Citrus\",\"@id\":\"https:\\\/\\\/gombergdalfen.ca\\\/#\\\/schema\\\/person\\\/31687ac80a9465fbde9ec6b824414d05\"},\"headline\":\"R\u00e9ouverture du Programme des immigrants investisseurs du Qu\u00e9bec par le gouvernement du Qu\u00e9bec\",\"datePublished\":\"2023-12-19T17:34:56+00:00\",\"dateModified\":\"2025-11-27T18:41:11+00:00\",\"mainEntityOfPage\":{\"@id\":\"https:\\\/\\\/gombergdalfen.ca\\\/fr\\\/reouverture-du-programme-des-immigrants-investisseurs-du-quebec-par-le-gouvernement-du-quebec\\\/\"},\"wordCount\":777,\"publisher\":{\"@id\":\"https:\\\/\\\/gombergdalfen.ca\\\/#organization\"},\"articleSection\":[\"Bulletins juridiques\"],\"inLanguage\":\"fr-FR\"},{\"@type\":\"WebPage\",\"@id\":\"https:\\\/\\\/gombergdalfen.ca\\\/fr\\\/reouverture-du-programme-des-immigrants-investisseurs-du-quebec-par-le-gouvernement-du-quebec\\\/\",\"url\":\"https:\\\/\\\/gombergdalfen.ca\\\/fr\\\/reouverture-du-programme-des-immigrants-investisseurs-du-quebec-par-le-gouvernement-du-quebec\\\/\",\"name\":\"R\u00e9ouverture du Programme des immigrants investisseurs du Qu\u00e9bec par le gouvernement du Qu\u00e9bec - Gomberg Dalfen S.E.N.C.\",\"isPartOf\":{\"@id\":\"https:\\\/\\\/gombergdalfen.ca\\\/#website\"},\"datePublished\":\"2023-12-19T17:34:56+00:00\",\"dateModified\":\"2025-11-27T18:41:11+00:00\",\"breadcrumb\":{\"@id\":\"https:\\\/\\\/gombergdalfen.ca\\\/fr\\\/reouverture-du-programme-des-immigrants-investisseurs-du-quebec-par-le-gouvernement-du-quebec\\\/#breadcrumb\"},\"inLanguage\":\"fr-FR\",\"potentialAction\":[{\"@type\":\"ReadAction\",\"target\":[\"https:\\\/\\\/gombergdalfen.ca\\\/fr\\\/reouverture-du-programme-des-immigrants-investisseurs-du-quebec-par-le-gouvernement-du-quebec\\\/\"]}]},{\"@type\":\"BreadcrumbList\",\"@id\":\"https:\\\/\\\/gombergdalfen.ca\\\/fr\\\/reouverture-du-programme-des-immigrants-investisseurs-du-quebec-par-le-gouvernement-du-quebec\\\/#breadcrumb\",\"itemListElement\":[{\"@type\":\"ListItem\",\"position\":1,\"name\":\"Home\",\"item\":\"https:\\\/\\\/gombergdalfen.ca\\\/fr\\\/\"},{\"@type\":\"ListItem\",\"position\":2,\"name\":\"R\u00e9ouverture du Programme des immigrants investisseurs du Qu\u00e9bec par le gouvernement du Qu\u00e9bec\"}]},{\"@type\":\"WebSite\",\"@id\":\"https:\\\/\\\/gombergdalfen.ca\\\/#website\",\"url\":\"https:\\\/\\\/gombergdalfen.ca\\\/\",\"name\":\"Gomberg Dalfen S.E.N.C.\",\"description\":\"La loi sur l&#039;immigration\",\"publisher\":{\"@id\":\"https:\\\/\\\/gombergdalfen.ca\\\/#organization\"},\"potentialAction\":[{\"@type\":\"SearchAction\",\"target\":{\"@type\":\"EntryPoint\",\"urlTemplate\":\"https:\\\/\\\/gombergdalfen.ca\\\/?s={search_term_string}\"},\"query-input\":{\"@type\":\"PropertyValueSpecification\",\"valueRequired\":true,\"valueName\":\"search_term_string\"}}],\"inLanguage\":\"fr-FR\"},{\"@type\":\"Organization\",\"@id\":\"https:\\\/\\\/gombergdalfen.ca\\\/#organization\",\"name\":\"Gomberg Dalfen, S.E.N.C.\",\"url\":\"https:\\\/\\\/gombergdalfen.ca\\\/\",\"logo\":{\"@type\":\"ImageObject\",\"inLanguage\":\"fr-FR\",\"@id\":\"https:\\\/\\\/gombergdalfen.ca\\\/#\\\/schema\\\/logo\\\/image\\\/\",\"url\":\"https:\\\/\\\/gombergdalfen.ca\\\/wp-content\\\/uploads\\\/2019\\\/08\\\/logo.png\",\"contentUrl\":\"https:\\\/\\\/gombergdalfen.ca\\\/wp-content\\\/uploads\\\/2019\\\/08\\\/logo.png\",\"width\":750,\"height\":203,\"caption\":\"Gomberg Dalfen, S.E.N.C.\"},\"image\":{\"@id\":\"https:\\\/\\\/gombergdalfen.ca\\\/#\\\/schema\\\/logo\\\/image\\\/\"}},{\"@type\":\"Person\",\"@id\":\"https:\\\/\\\/gombergdalfen.ca\\\/#\\\/schema\\\/person\\\/31687ac80a9465fbde9ec6b824414d05\",\"name\":\"Citrus\",\"image\":{\"@type\":\"ImageObject\",\"inLanguage\":\"fr-FR\",\"@id\":\"https:\\\/\\\/secure.gravatar.com\\\/avatar\\\/0e504ff9f635222a94c2fff8bf3ff28fd5c12d44a12736682d2de3f228f7984c?s=96&d=mm&r=g\",\"url\":\"https:\\\/\\\/secure.gravatar.com\\\/avatar\\\/0e504ff9f635222a94c2fff8bf3ff28fd5c12d44a12736682d2de3f228f7984c?s=96&d=mm&r=g\",\"contentUrl\":\"https:\\\/\\\/secure.gravatar.com\\\/avatar\\\/0e504ff9f635222a94c2fff8bf3ff28fd5c12d44a12736682d2de3f228f7984c?s=96&d=mm&r=g\",\"caption\":\"Citrus\"}}]}<\/script>\n<!-- \/ Yoast SEO plugin. -->","yoast_head_json":{"title":"R\u00e9ouverture du Programme des immigrants investisseurs du Qu\u00e9bec par le gouvernement du Qu\u00e9bec - Gomberg Dalfen S.E.N.C.","robots":{"index":"index","follow":"follow","max-snippet":"max-snippet:-1","max-image-preview":"max-image-preview:large","max-video-preview":"max-video-preview:-1"},"canonical":"https:\/\/gombergdalfen.ca\/fr\/reouverture-du-programme-des-immigrants-investisseurs-du-quebec-par-le-gouvernement-du-quebec\/","og_locale":"fr_FR","og_type":"article","og_title":"R\u00e9ouverture du Programme des immigrants investisseurs du Qu\u00e9bec par le gouvernement du Qu\u00e9bec - Gomberg Dalfen S.E.N.C.","og_description":"Le gouvernement du Qu\u00e9bec a annonc\u00e9 la r\u00e9ouverture du Programme des immigrants investisseurs du Qu\u00e9bec (PIIQ) \u00e0 partir du 1er janvier 2024.","og_url":"https:\/\/gombergdalfen.ca\/fr\/reouverture-du-programme-des-immigrants-investisseurs-du-quebec-par-le-gouvernement-du-quebec\/","og_site_name":"Gomberg Dalfen S.E.N.C.","article_published_time":"2023-12-19T17:34:56+00:00","article_modified_time":"2025-11-27T18:41:11+00:00","og_image":[{"width":925,"height":768,"url":"https:\/\/gombergdalfen.ca\/wp-content\/uploads\/2020\/02\/website-thumbnail.jpg","type":"image\/jpeg"}],"author":"Citrus","twitter_card":"summary_large_image","twitter_misc":{"\u00c9crit par":"Citrus","Dur\u00e9e de lecture estim\u00e9e":"4 minutes"},"schema":{"@context":"https:\/\/schema.org","@graph":[{"@type":"Article","@id":"https:\/\/gombergdalfen.ca\/fr\/reouverture-du-programme-des-immigrants-investisseurs-du-quebec-par-le-gouvernement-du-quebec\/#article","isPartOf":{"@id":"https:\/\/gombergdalfen.ca\/fr\/reouverture-du-programme-des-immigrants-investisseurs-du-quebec-par-le-gouvernement-du-quebec\/"},"author":{"name":"Citrus","@id":"https:\/\/gombergdalfen.ca\/#\/schema\/person\/31687ac80a9465fbde9ec6b824414d05"},"headline":"R\u00e9ouverture du Programme des immigrants investisseurs du Qu\u00e9bec par le gouvernement du Qu\u00e9bec","datePublished":"2023-12-19T17:34:56+00:00","dateModified":"2025-11-27T18:41:11+00:00","mainEntityOfPage":{"@id":"https:\/\/gombergdalfen.ca\/fr\/reouverture-du-programme-des-immigrants-investisseurs-du-quebec-par-le-gouvernement-du-quebec\/"},"wordCount":777,"publisher":{"@id":"https:\/\/gombergdalfen.ca\/#organization"},"articleSection":["Bulletins juridiques"],"inLanguage":"fr-FR"},{"@type":"WebPage","@id":"https:\/\/gombergdalfen.ca\/fr\/reouverture-du-programme-des-immigrants-investisseurs-du-quebec-par-le-gouvernement-du-quebec\/","url":"https:\/\/gombergdalfen.ca\/fr\/reouverture-du-programme-des-immigrants-investisseurs-du-quebec-par-le-gouvernement-du-quebec\/","name":"R\u00e9ouverture du Programme des immigrants investisseurs du Qu\u00e9bec par le gouvernement du Qu\u00e9bec - Gomberg Dalfen S.E.N.C.","isPartOf":{"@id":"https:\/\/gombergdalfen.ca\/#website"},"datePublished":"2023-12-19T17:34:56+00:00","dateModified":"2025-11-27T18:41:11+00:00","breadcrumb":{"@id":"https:\/\/gombergdalfen.ca\/fr\/reouverture-du-programme-des-immigrants-investisseurs-du-quebec-par-le-gouvernement-du-quebec\/#breadcrumb"},"inLanguage":"fr-FR","potentialAction":[{"@type":"ReadAction","target":["https:\/\/gombergdalfen.ca\/fr\/reouverture-du-programme-des-immigrants-investisseurs-du-quebec-par-le-gouvernement-du-quebec\/"]}]},{"@type":"BreadcrumbList","@id":"https:\/\/gombergdalfen.ca\/fr\/reouverture-du-programme-des-immigrants-investisseurs-du-quebec-par-le-gouvernement-du-quebec\/#breadcrumb","itemListElement":[{"@type":"ListItem","position":1,"name":"Home","item":"https:\/\/gombergdalfen.ca\/fr\/"},{"@type":"ListItem","position":2,"name":"R\u00e9ouverture du Programme des immigrants investisseurs du Qu\u00e9bec par le gouvernement du Qu\u00e9bec"}]},{"@type":"WebSite","@id":"https:\/\/gombergdalfen.ca\/#website","url":"https:\/\/gombergdalfen.ca\/","name":"Gomberg Dalfen S.E.N.C.","description":"La loi sur l&#039;immigration","publisher":{"@id":"https:\/\/gombergdalfen.ca\/#organization"},"potentialAction":[{"@type":"SearchAction","target":{"@type":"EntryPoint","urlTemplate":"https:\/\/gombergdalfen.ca\/?s={search_term_string}"},"query-input":{"@type":"PropertyValueSpecification","valueRequired":true,"valueName":"search_term_string"}}],"inLanguage":"fr-FR"},{"@type":"Organization","@id":"https:\/\/gombergdalfen.ca\/#organization","name":"Gomberg Dalfen, S.E.N.C.","url":"https:\/\/gombergdalfen.ca\/","logo":{"@type":"ImageObject","inLanguage":"fr-FR","@id":"https:\/\/gombergdalfen.ca\/#\/schema\/logo\/image\/","url":"https:\/\/gombergdalfen.ca\/wp-content\/uploads\/2019\/08\/logo.png","contentUrl":"https:\/\/gombergdalfen.ca\/wp-content\/uploads\/2019\/08\/logo.png","width":750,"height":203,"caption":"Gomberg Dalfen, S.E.N.C."},"image":{"@id":"https:\/\/gombergdalfen.ca\/#\/schema\/logo\/image\/"}},{"@type":"Person","@id":"https:\/\/gombergdalfen.ca\/#\/schema\/person\/31687ac80a9465fbde9ec6b824414d05","name":"Citrus","image":{"@type":"ImageObject","inLanguage":"fr-FR","@id":"https:\/\/secure.gravatar.com\/avatar\/0e504ff9f635222a94c2fff8bf3ff28fd5c12d44a12736682d2de3f228f7984c?s=96&d=mm&r=g","url":"https:\/\/secure.gravatar.com\/avatar\/0e504ff9f635222a94c2fff8bf3ff28fd5c12d44a12736682d2de3f228f7984c?s=96&d=mm&r=g","contentUrl":"https:\/\/secure.gravatar.com\/avatar\/0e504ff9f635222a94c2fff8bf3ff28fd5c12d44a12736682d2de3f228f7984c?s=96&d=mm&r=g","caption":"Citrus"}}]}},"_links":{"self":[{"href":"https:\/\/gombergdalfen.ca\/fr\/wp-json\/wp\/v2\/posts\/1431","targetHints":{"allow":["GET"]}}],"collection":[{"href":"https:\/\/gombergdalfen.ca\/fr\/wp-json\/wp\/v2\/posts"}],"about":[{"href":"https:\/\/gombergdalfen.ca\/fr\/wp-json\/wp\/v2\/types\/post"}],"author":[{"embeddable":true,"href":"https:\/\/gombergdalfen.ca\/fr\/wp-json\/wp\/v2\/users\/3"}],"replies":[{"embeddable":true,"href":"https:\/\/gombergdalfen.ca\/fr\/wp-json\/wp\/v2\/comments?post=1431"}],"version-history":[{"count":8,"href":"https:\/\/gombergdalfen.ca\/fr\/wp-json\/wp\/v2\/posts\/1431\/revisions"}],"predecessor-version":[{"id":1711,"href":"https:\/\/gombergdalfen.ca\/fr\/wp-json\/wp\/v2\/posts\/1431\/revisions\/1711"}],"wp:attachment":[{"href":"https:\/\/gombergdalfen.ca\/fr\/wp-json\/wp\/v2\/media?parent=1431"}],"wp:term":[{"taxonomy":"category","embeddable":true,"href":"https:\/\/gombergdalfen.ca\/fr\/wp-json\/wp\/v2\/categories?post=1431"},{"taxonomy":"post_tag","embeddable":true,"href":"https:\/\/gombergdalfen.ca\/fr\/wp-json\/wp\/v2\/tags?post=1431"}],"curies":[{"name":"wp","href":"https:\/\/api.w.org\/{rel}","templated":true}]}}