{"id":1721,"date":"2025-11-26T16:58:08","date_gmt":"2025-11-26T21:58:08","guid":{"rendered":"https:\/\/gombergdalfen.ca\/?p=1721"},"modified":"2025-11-27T13:41:11","modified_gmt":"2025-11-27T18:41:11","slug":"les-gouvernements-du-canada-et-du-quebec-presentent-leurs-plans-dimmigration","status":"publish","type":"post","link":"https:\/\/gombergdalfen.ca\/fr\/les-gouvernements-du-canada-et-du-quebec-presentent-leurs-plans-dimmigration\/","title":{"rendered":"Les gouvernements du Canada et du Qu\u00e9bec pr\u00e9sentent leurs Plans d\u2019Immigration"},"content":{"rendered":"<p>Le 4 novembre 2025, le gouvernement du Canada a publi\u00e9 son\u00a0<a href=\"https:\/\/fsdexu9ab.cc.rs6.net\/tn.jsp?f=001N8IVyKzgLsiGJlbIdhPkBzPTdWPlVHvoTAkA6mXGctLgoFwY1gyqmXJeGi7vMcEAALLojpDimUXXSIl_rAWyh6v10LffFMc7xPaGUggrtAxW_CSTKEPIOpm-MohRB6nWs1Chw9vU0m6DmXNjMRGKfw908vQnWJ_NpsRqS5G7_ucVWjDuKpBJhnCeXAxiaXkn2uO18dRUU4lakVIK1Gs8lcrZNAXuRW9KG6AAKOoA5KULHH3pVmnSDl5tr9lqXjjls84ogtbdfrnzQRIu1MG742MhbO_nkMKTEJtI5TsC5gJU7OHmnTirjPpmzExfkgL43CRlimpbwZo=&amp;c=tpojXRp_FBKbD1S3FsDqiGXa60urKDF8iJ5um4fcX_cQiLNFi7KJ1g==&amp;ch=JRlhFGQZjyPT8LhrgJ_vCHu9_ZGTJ0B-Zn1lQeTqvmH8HP_n6QSDyg==\">Rapport annuel au Parlement sur l\u2019immigration<\/a>. Ce rapport met en lumi\u00e8re les donn\u00e9es cl\u00e9s concernant l\u2019immigration canadienne de l\u2019ann\u00e9e pr\u00e9c\u00e9dente. Le m\u00eame jour, le gouvernement f\u00e9d\u00e9ral a \u00e9galement pr\u00e9sent\u00e9 son budget propos\u00e9 pour l\u2019immigration dans le cadre de son\u00a0<a href=\"https:\/\/fsdexu9ab.cc.rs6.net\/tn.jsp?f=001N8IVyKzgLsiGJlbIdhPkBzPTdWPlVHvoTAkA6mXGctLgoFwY1gyqmXJeGi7vMcEAzULiuvrYoxZPhlbV_JhoImgZ0lJprNDZvQMIhZhYhSsaC0yVUsjlJ1i2Jq103amLCXwNFADUZxi5MiSaJme56sshlWpzOOd3xynq9rw0_xsiWOFx1xGsVXdFM8R9MA9sOGFPBHHUXT3KjSfsRS1jJQ==&amp;c=tpojXRp_FBKbD1S3FsDqiGXa60urKDF8iJ5um4fcX_cQiLNFi7KJ1g==&amp;ch=JRlhFGQZjyPT8LhrgJ_vCHu9_ZGTJ0B-Zn1lQeTqvmH8HP_n6QSDyg==\">plan budg\u00e9taire pour 2026-2028<\/a>.<\/p>\n<p><strong>Rapport annuel au Parlement sur l\u2019immigration<\/strong><\/p>\n<p>Selon le Rapport annuel au Parlement sur l\u2019immigration de cette ann\u00e9e, le Canada avait accueilli, en 2024, 905 440 r\u00e9sidents temporaires qui ont commenc\u00e9 \u00e0 travailler sur la base de nouveaux permis de travail, ce qui repr\u00e9sente une baisse de 4,3 % par rapport \u00e0 2023. Parmi ces personnes, 191 630 d\u00e9tenaient de nouveaux permis de travail dans le cadre du Programme des Travailleurs \u00c9trangers Temporaires (PTET) et 717 405 d\u00e9tenaient de nouveaux permis de travail dans le cadre du Programme de Mobilit\u00e9 Internationale (PMI).<\/p>\n<p>En ce qui concerne la r\u00e9sidence permanente, en 2024, le Canada a admis 483 640 personnes en tant que r\u00e9sidents permanents, ce qui repr\u00e9sente une augmentation de 2,3 % par rapport \u00e0 2023. La majorit\u00e9 des admissions de r\u00e9sidents permanents provient de la cat\u00e9gorie de l\u2019immigration \u00e9conomique, repr\u00e9sentant 58,2 % de toutes les admissions en 2024.<\/p>\n<p><strong>Nouveau plan des niveaux d\u2019immigration pour 2026-2028<\/strong><\/p>\n<p>Afin de remettre le Canada sur une trajectoire vers des \u00ab niveaux d\u2019immigration durables \u00bb pour 2026, le gouvernement f\u00e9d\u00e9ral a r\u00e9duit les cibles d\u2019immigration pour la r\u00e9sidence permanente et temporaire.<\/p>\n<p>Gr\u00e2ce au Plan des niveaux pour 2026-2028, le gouvernement f\u00e9d\u00e9ral vise \u00e0 r\u00e9tablir le \u00ab contr\u00f4le, la clart\u00e9 et la coh\u00e9rence \u00bb au sein du syst\u00e8me d\u2019immigration canadien tout en faisant des choix empreints de compassion et en stimulant la comp\u00e9titivit\u00e9 \u00e9conomique. Le gouvernement lib\u00e9ral a \u00e9galement indiqu\u00e9 qu\u2019ils investiront pour attirer les talents \u00ab n\u00e9cessaires pour stimuler l\u2019innovation et la croissance \u00bb dans les industries strat\u00e9giques.<\/p>\n<p>Les nouvelles cibles du gouvernement f\u00e9d\u00e9ral visent \u00e0 maintenir les arriv\u00e9es de r\u00e9sidents permanents \u00e0 moins d\u2019un pour cent de la population canadienne apr\u00e8s 2027. Les cibles d\u2019admission des r\u00e9sidents permanents seront donc r\u00e9duites de 395 000 en 2025 \u00e0 380 000 par an entre 2026 et 2028.<\/p>\n<p>Quant aux r\u00e9sidents temporaires, les niveaux d\u2019arriv\u00e9e seront r\u00e9duits \u00e0 moins de cinq pour cent de la population canadienne d\u2019ici la fin de 2027. Avec un co\u00fbt budg\u00e9taire de 168,2 millions de dollars sur quatre ans, le plan r\u00e9duit consid\u00e9rablement la cible pour les nouvelles admissions de r\u00e9sidents temporaires de 43 %, passant de 673 650 en 2025 \u00e0 385 000 en 2026 et 370 000 en 2027 et 2028.<\/p>\n<p><strong>Mesure acc\u00e9l\u00e9r\u00e9e vers la r\u00e9sidence permanente pour les titulaires de permis de travail<\/strong><\/p>\n<p>Pour compl\u00e9ter les objectifs du Plan des niveaux 2026-2028, le gouvernement a annonc\u00e9 une mesure ponctuelle visant \u00e0 acc\u00e9l\u00e9rer la transition de jusqu\u2019\u00e0 33 000 travailleurs temporaires vers la r\u00e9sidence permanente en 2026 et 2027. Le co\u00fbt budg\u00e9taire de cette mesure propos\u00e9e est de 19,4 millions de dollars sur quatre ans et se concentrera sur les travailleurs qui ont d\u00e9j\u00e0 \u00e9tabli des liens solides dans leurs communaut\u00e9s, paient des imp\u00f4ts et contribuent \u00e0 b\u00e2tir l\u2019\u00e9conomie canadienne.<\/p>\n<p>\u00c0 l\u2019heure actuelle, le gouvernement f\u00e9d\u00e9ral n\u2019a fourni aucune information suppl\u00e9mentaire sur cette mesure acc\u00e9l\u00e9r\u00e9e ni sur la mani\u00e8re dont elle sera trait\u00e9e et appliqu\u00e9e.<\/p>\n<p><strong>Voie acc\u00e9l\u00e9r\u00e9e pour les titulaires de visa H1-B.<\/strong><\/p>\n<p>Le gouvernement a \u00e9galement annonc\u00e9 une prochaine voie acc\u00e9l\u00e9r\u00e9e pour les titulaires de visa H-1B afin de renforcer l\u2019\u00e9cosyst\u00e8me d\u2019innovation du Canada, de r\u00e9pondre aux p\u00e9nuries de main-d\u2019\u0153uvre et d\u2019attirer des talents dans des secteurs cl\u00e9s tels que la sant\u00e9, la recherche et les industries avanc\u00e9es. Le gouvernement n\u2019a pas fourni d\u2019informations suppl\u00e9mentaires concernant les d\u00e9tails de cette voie acc\u00e9l\u00e9r\u00e9e pour le moment.<\/p>\n<p><strong>Plan d\u2019immigration du Qu\u00e9bec pour 2026-2029<\/strong><\/p>\n<p>Le 6 novembre 2025, le ministre de l\u2019Immigration, de la Francisation et de l\u2019Int\u00e9gration a pr\u00e9sent\u00e9\u00a0<a href=\"https:\/\/fsdexu9ab.cc.rs6.net\/tn.jsp?f=001N8IVyKzgLsiGJlbIdhPkBzPTdWPlVHvoTAkA6mXGctLgoFwY1gyqmXJeGi7vMcEARD07hJ8d7BClpjHc4fbkKmui0SSytEkoeUeoMk3qAV6J72eSlGBNbC06PAjkfwU_rqjGZyTThga8Hlxk1hiAS2onw9Vr9KlEpbe61lvtWvU74TyKfdFFNrs4q9GmiAcU5gIK4PimaddvStT1tM80jXvQ6aucb8Q8XDBCarpLYBcIA_PnK9SO4TP1Btio-23jNVWz5Ggo5vqeWiJQZPqegcbHCoBWRahQaDO3zz32QfYjG8sHaDngQQ==&amp;c=tpojXRp_FBKbD1S3FsDqiGXa60urKDF8iJ5um4fcX_cQiLNFi7KJ1g==&amp;ch=JRlhFGQZjyPT8LhrgJ_vCHu9_ZGTJ0B-Zn1lQeTqvmH8HP_n6QSDyg==\">le plan d\u2019immigration du Qu\u00e9bec pour 2026-2029<\/a>, qui met l\u2019accent sur la r\u00e9gionalisation, la langue fran\u00e7aise et l\u2019\u00e9quilibre entre les besoins socio\u00e9conomiques et la capacit\u00e9 du Qu\u00e9bec \u00e0 int\u00e9grer les immigrants.<\/p>\n<p>Le gouvernement du Qu\u00e9bec souhaite admettre de fa\u00e7on permanente 45 000 immigrants au Qu\u00e9bec en 2026, soit une r\u00e9duction par rapport aux 61 000 r\u00e9sidents permanents pr\u00e9vus en 2025.<\/p>\n<p>En ce qui concerne l\u2019immigration temporaire, Qu\u00e9bec pr\u00e9voit d\u2019admettre temporairement entre 84 000 et 124 200 personnes en 2026, en mettant l\u2019accent sur le Programme des Travailleurs \u00c9trangers Temporaires et le Programme des \u00e9tudiants internationaux.<\/p>\n<p>Le Qu\u00e9bec a \u00e9galement annonc\u00e9 des mesures compl\u00e9mentaires \u00e0 son plan d\u2019immigration, notamment l\u2019annulation officielle du Programme de l\u2019Exp\u00e9rience Qu\u00e9b\u00e9coise (PEQ) \u00e0 compter du 19 novembre 2025. Cela signifie que, en date du pr\u00e9sent bulletin, la seule option pour la s\u00e9lection permanente des travailleurs qualifi\u00e9s au Qu\u00e9bec est le Programme de S\u00e9lection des Travailleurs Qualifi\u00e9s (PSTQ).<\/p>\n<p>Comme nous l\u2019avons fait au fil des ann\u00e9es, l\u2019\u00e9quipe de Gomberg Dalfen continuera \u00e0 vous tenir inform\u00e9s des d\u00e9veloppements r\u00e9cents et nouveaux en mati\u00e8re de droit de l\u2019immigration canadien.<\/p>\n","protected":false},"excerpt":{"rendered":"<p>Le 4 novembre 2025, le gouvernement du Canada a publi\u00e9 son\u00a0Rapport annuel au Parlement sur l\u2019immigration. Ce rapport met en lumi\u00e8re les donn\u00e9es cl\u00e9s concernant l\u2019immigration canadienne de l\u2019ann\u00e9e pr\u00e9c\u00e9dente. Le m\u00eame jour, le gouvernement f\u00e9d\u00e9ral a \u00e9galement pr\u00e9sent\u00e9 son budget propos\u00e9 pour l\u2019immigration dans le cadre de son\u00a0plan budg\u00e9taire pour 2026-2028.<\/p>\n","protected":false},"author":2,"featured_media":0,"comment_status":"open","ping_status":"open","sticky":false,"template":"","format":"standard","meta":{"_acf_changed":false,"footnotes":""},"categories":[23],"tags":[],"class_list":["post-1721","post","type-post","status-publish","format-standard","hentry","category-bulletins-juridiques"],"acf":[],"yoast_head":"<!-- This site is optimized with the Yoast SEO plugin v27.3 - https:\/\/yoast.com\/product\/yoast-seo-wordpress\/ -->\n<title>Les gouvernements du Canada et du Qu\u00e9bec pr\u00e9sentent leurs Plans d\u2019Immigration - Gomberg Dalfen S.E.N.C.<\/title>\n<meta name=\"robots\" content=\"index, follow, max-snippet:-1, max-image-preview:large, max-video-preview:-1\" \/>\n<link rel=\"canonical\" href=\"https:\/\/gombergdalfen.ca\/fr\/les-gouvernements-du-canada-et-du-quebec-presentent-leurs-plans-dimmigration\/\" \/>\n<meta property=\"og:locale\" content=\"fr_FR\" \/>\n<meta property=\"og:type\" content=\"article\" \/>\n<meta property=\"og:title\" content=\"Les gouvernements du Canada et du Qu\u00e9bec pr\u00e9sentent leurs Plans d\u2019Immigration - Gomberg Dalfen S.E.N.C.\" \/>\n<meta property=\"og:description\" content=\"Le 4 novembre 2025, le gouvernement du Canada a publi\u00e9 son\u00a0Rapport annuel au Parlement sur l\u2019immigration. Ce rapport met en lumi\u00e8re les donn\u00e9es cl\u00e9s concernant l\u2019immigration canadienne de l\u2019ann\u00e9e pr\u00e9c\u00e9dente. Le m\u00eame jour, le gouvernement f\u00e9d\u00e9ral a \u00e9galement pr\u00e9sent\u00e9 son budget propos\u00e9 pour l\u2019immigration dans le cadre de son\u00a0plan budg\u00e9taire pour 2026-2028.\" \/>\n<meta property=\"og:url\" content=\"https:\/\/gombergdalfen.ca\/fr\/les-gouvernements-du-canada-et-du-quebec-presentent-leurs-plans-dimmigration\/\" \/>\n<meta property=\"og:site_name\" content=\"Gomberg Dalfen S.E.N.C.\" \/>\n<meta property=\"article:published_time\" content=\"2025-11-26T21:58:08+00:00\" \/>\n<meta property=\"article:modified_time\" content=\"2025-11-27T18:41:11+00:00\" \/>\n<meta property=\"og:image\" content=\"https:\/\/gombergdalfen.ca\/wp-content\/uploads\/2020\/02\/website-thumbnail.jpg\" \/>\n\t<meta property=\"og:image:width\" content=\"925\" \/>\n\t<meta property=\"og:image:height\" content=\"768\" \/>\n\t<meta property=\"og:image:type\" content=\"image\/jpeg\" \/>\n<meta name=\"author\" content=\"Neal Caminsky\" \/>\n<meta name=\"twitter:card\" content=\"summary_large_image\" \/>\n<meta name=\"twitter:label1\" content=\"\u00c9crit par\" \/>\n\t<meta name=\"twitter:data1\" content=\"Neal Caminsky\" \/>\n\t<meta name=\"twitter:label2\" content=\"Dur\u00e9e de lecture estim\u00e9e\" \/>\n\t<meta name=\"twitter:data2\" content=\"4 minutes\" \/>\n<script type=\"application\/ld+json\" class=\"yoast-schema-graph\">{\"@context\":\"https:\\\/\\\/schema.org\",\"@graph\":[{\"@type\":\"Article\",\"@id\":\"https:\\\/\\\/gombergdalfen.ca\\\/fr\\\/les-gouvernements-du-canada-et-du-quebec-presentent-leurs-plans-dimmigration\\\/#article\",\"isPartOf\":{\"@id\":\"https:\\\/\\\/gombergdalfen.ca\\\/fr\\\/les-gouvernements-du-canada-et-du-quebec-presentent-leurs-plans-dimmigration\\\/\"},\"author\":{\"name\":\"Neal Caminsky\",\"@id\":\"https:\\\/\\\/gombergdalfen.ca\\\/#\\\/schema\\\/person\\\/40b749e05caa39ebbaef928bf8673752\"},\"headline\":\"Les gouvernements du Canada et du Qu\u00e9bec pr\u00e9sentent leurs Plans d\u2019Immigration\",\"datePublished\":\"2025-11-26T21:58:08+00:00\",\"dateModified\":\"2025-11-27T18:41:11+00:00\",\"mainEntityOfPage\":{\"@id\":\"https:\\\/\\\/gombergdalfen.ca\\\/fr\\\/les-gouvernements-du-canada-et-du-quebec-presentent-leurs-plans-dimmigration\\\/\"},\"wordCount\":907,\"commentCount\":0,\"publisher\":{\"@id\":\"https:\\\/\\\/gombergdalfen.ca\\\/#organization\"},\"articleSection\":[\"Bulletins juridiques\"],\"inLanguage\":\"fr-FR\",\"potentialAction\":[{\"@type\":\"CommentAction\",\"name\":\"Comment\",\"target\":[\"https:\\\/\\\/gombergdalfen.ca\\\/fr\\\/les-gouvernements-du-canada-et-du-quebec-presentent-leurs-plans-dimmigration\\\/#respond\"]}]},{\"@type\":\"WebPage\",\"@id\":\"https:\\\/\\\/gombergdalfen.ca\\\/fr\\\/les-gouvernements-du-canada-et-du-quebec-presentent-leurs-plans-dimmigration\\\/\",\"url\":\"https:\\\/\\\/gombergdalfen.ca\\\/fr\\\/les-gouvernements-du-canada-et-du-quebec-presentent-leurs-plans-dimmigration\\\/\",\"name\":\"Les gouvernements du Canada et du Qu\u00e9bec pr\u00e9sentent leurs Plans d\u2019Immigration - Gomberg Dalfen S.E.N.C.\",\"isPartOf\":{\"@id\":\"https:\\\/\\\/gombergdalfen.ca\\\/#website\"},\"datePublished\":\"2025-11-26T21:58:08+00:00\",\"dateModified\":\"2025-11-27T18:41:11+00:00\",\"breadcrumb\":{\"@id\":\"https:\\\/\\\/gombergdalfen.ca\\\/fr\\\/les-gouvernements-du-canada-et-du-quebec-presentent-leurs-plans-dimmigration\\\/#breadcrumb\"},\"inLanguage\":\"fr-FR\",\"potentialAction\":[{\"@type\":\"ReadAction\",\"target\":[\"https:\\\/\\\/gombergdalfen.ca\\\/fr\\\/les-gouvernements-du-canada-et-du-quebec-presentent-leurs-plans-dimmigration\\\/\"]}]},{\"@type\":\"BreadcrumbList\",\"@id\":\"https:\\\/\\\/gombergdalfen.ca\\\/fr\\\/les-gouvernements-du-canada-et-du-quebec-presentent-leurs-plans-dimmigration\\\/#breadcrumb\",\"itemListElement\":[{\"@type\":\"ListItem\",\"position\":1,\"name\":\"Home\",\"item\":\"https:\\\/\\\/gombergdalfen.ca\\\/fr\\\/\"},{\"@type\":\"ListItem\",\"position\":2,\"name\":\"Les gouvernements du Canada et du Qu\u00e9bec pr\u00e9sentent leurs Plans d\u2019Immigration\"}]},{\"@type\":\"WebSite\",\"@id\":\"https:\\\/\\\/gombergdalfen.ca\\\/#website\",\"url\":\"https:\\\/\\\/gombergdalfen.ca\\\/\",\"name\":\"Gomberg Dalfen S.E.N.C.\",\"description\":\"La loi sur l&#039;immigration\",\"publisher\":{\"@id\":\"https:\\\/\\\/gombergdalfen.ca\\\/#organization\"},\"potentialAction\":[{\"@type\":\"SearchAction\",\"target\":{\"@type\":\"EntryPoint\",\"urlTemplate\":\"https:\\\/\\\/gombergdalfen.ca\\\/?s={search_term_string}\"},\"query-input\":{\"@type\":\"PropertyValueSpecification\",\"valueRequired\":true,\"valueName\":\"search_term_string\"}}],\"inLanguage\":\"fr-FR\"},{\"@type\":\"Organization\",\"@id\":\"https:\\\/\\\/gombergdalfen.ca\\\/#organization\",\"name\":\"Gomberg Dalfen, S.E.N.C.\",\"url\":\"https:\\\/\\\/gombergdalfen.ca\\\/\",\"logo\":{\"@type\":\"ImageObject\",\"inLanguage\":\"fr-FR\",\"@id\":\"https:\\\/\\\/gombergdalfen.ca\\\/#\\\/schema\\\/logo\\\/image\\\/\",\"url\":\"https:\\\/\\\/gombergdalfen.ca\\\/wp-content\\\/uploads\\\/2019\\\/08\\\/logo.png\",\"contentUrl\":\"https:\\\/\\\/gombergdalfen.ca\\\/wp-content\\\/uploads\\\/2019\\\/08\\\/logo.png\",\"width\":750,\"height\":203,\"caption\":\"Gomberg Dalfen, S.E.N.C.\"},\"image\":{\"@id\":\"https:\\\/\\\/gombergdalfen.ca\\\/#\\\/schema\\\/logo\\\/image\\\/\"}},{\"@type\":\"Person\",\"@id\":\"https:\\\/\\\/gombergdalfen.ca\\\/#\\\/schema\\\/person\\\/40b749e05caa39ebbaef928bf8673752\",\"name\":\"Neal Caminsky\",\"image\":{\"@type\":\"ImageObject\",\"inLanguage\":\"fr-FR\",\"@id\":\"https:\\\/\\\/secure.gravatar.com\\\/avatar\\\/3eb33df5f92790e491e0b578136a61d33d1e13838e36b3b800df19bca5e61f62?s=96&d=mm&r=g\",\"url\":\"https:\\\/\\\/secure.gravatar.com\\\/avatar\\\/3eb33df5f92790e491e0b578136a61d33d1e13838e36b3b800df19bca5e61f62?s=96&d=mm&r=g\",\"contentUrl\":\"https:\\\/\\\/secure.gravatar.com\\\/avatar\\\/3eb33df5f92790e491e0b578136a61d33d1e13838e36b3b800df19bca5e61f62?s=96&d=mm&r=g\",\"caption\":\"Neal Caminsky\"}}]}<\/script>\n<!-- \/ Yoast SEO plugin. -->","yoast_head_json":{"title":"Les gouvernements du Canada et du Qu\u00e9bec pr\u00e9sentent leurs Plans d\u2019Immigration - Gomberg Dalfen S.E.N.C.","robots":{"index":"index","follow":"follow","max-snippet":"max-snippet:-1","max-image-preview":"max-image-preview:large","max-video-preview":"max-video-preview:-1"},"canonical":"https:\/\/gombergdalfen.ca\/fr\/les-gouvernements-du-canada-et-du-quebec-presentent-leurs-plans-dimmigration\/","og_locale":"fr_FR","og_type":"article","og_title":"Les gouvernements du Canada et du Qu\u00e9bec pr\u00e9sentent leurs Plans d\u2019Immigration - Gomberg Dalfen S.E.N.C.","og_description":"Le 4 novembre 2025, le gouvernement du Canada a publi\u00e9 son\u00a0Rapport annuel au Parlement sur l\u2019immigration. Ce rapport met en lumi\u00e8re les donn\u00e9es cl\u00e9s concernant l\u2019immigration canadienne de l\u2019ann\u00e9e pr\u00e9c\u00e9dente. Le m\u00eame jour, le gouvernement f\u00e9d\u00e9ral a \u00e9galement pr\u00e9sent\u00e9 son budget propos\u00e9 pour l\u2019immigration dans le cadre de son\u00a0plan budg\u00e9taire pour 2026-2028.","og_url":"https:\/\/gombergdalfen.ca\/fr\/les-gouvernements-du-canada-et-du-quebec-presentent-leurs-plans-dimmigration\/","og_site_name":"Gomberg Dalfen S.E.N.C.","article_published_time":"2025-11-26T21:58:08+00:00","article_modified_time":"2025-11-27T18:41:11+00:00","og_image":[{"width":925,"height":768,"url":"https:\/\/gombergdalfen.ca\/wp-content\/uploads\/2020\/02\/website-thumbnail.jpg","type":"image\/jpeg"}],"author":"Neal Caminsky","twitter_card":"summary_large_image","twitter_misc":{"\u00c9crit par":"Neal Caminsky","Dur\u00e9e de lecture estim\u00e9e":"4 minutes"},"schema":{"@context":"https:\/\/schema.org","@graph":[{"@type":"Article","@id":"https:\/\/gombergdalfen.ca\/fr\/les-gouvernements-du-canada-et-du-quebec-presentent-leurs-plans-dimmigration\/#article","isPartOf":{"@id":"https:\/\/gombergdalfen.ca\/fr\/les-gouvernements-du-canada-et-du-quebec-presentent-leurs-plans-dimmigration\/"},"author":{"name":"Neal Caminsky","@id":"https:\/\/gombergdalfen.ca\/#\/schema\/person\/40b749e05caa39ebbaef928bf8673752"},"headline":"Les gouvernements du Canada et du Qu\u00e9bec pr\u00e9sentent leurs Plans d\u2019Immigration","datePublished":"2025-11-26T21:58:08+00:00","dateModified":"2025-11-27T18:41:11+00:00","mainEntityOfPage":{"@id":"https:\/\/gombergdalfen.ca\/fr\/les-gouvernements-du-canada-et-du-quebec-presentent-leurs-plans-dimmigration\/"},"wordCount":907,"commentCount":0,"publisher":{"@id":"https:\/\/gombergdalfen.ca\/#organization"},"articleSection":["Bulletins juridiques"],"inLanguage":"fr-FR","potentialAction":[{"@type":"CommentAction","name":"Comment","target":["https:\/\/gombergdalfen.ca\/fr\/les-gouvernements-du-canada-et-du-quebec-presentent-leurs-plans-dimmigration\/#respond"]}]},{"@type":"WebPage","@id":"https:\/\/gombergdalfen.ca\/fr\/les-gouvernements-du-canada-et-du-quebec-presentent-leurs-plans-dimmigration\/","url":"https:\/\/gombergdalfen.ca\/fr\/les-gouvernements-du-canada-et-du-quebec-presentent-leurs-plans-dimmigration\/","name":"Les gouvernements du Canada et du Qu\u00e9bec pr\u00e9sentent leurs Plans d\u2019Immigration - Gomberg Dalfen S.E.N.C.","isPartOf":{"@id":"https:\/\/gombergdalfen.ca\/#website"},"datePublished":"2025-11-26T21:58:08+00:00","dateModified":"2025-11-27T18:41:11+00:00","breadcrumb":{"@id":"https:\/\/gombergdalfen.ca\/fr\/les-gouvernements-du-canada-et-du-quebec-presentent-leurs-plans-dimmigration\/#breadcrumb"},"inLanguage":"fr-FR","potentialAction":[{"@type":"ReadAction","target":["https:\/\/gombergdalfen.ca\/fr\/les-gouvernements-du-canada-et-du-quebec-presentent-leurs-plans-dimmigration\/"]}]},{"@type":"BreadcrumbList","@id":"https:\/\/gombergdalfen.ca\/fr\/les-gouvernements-du-canada-et-du-quebec-presentent-leurs-plans-dimmigration\/#breadcrumb","itemListElement":[{"@type":"ListItem","position":1,"name":"Home","item":"https:\/\/gombergdalfen.ca\/fr\/"},{"@type":"ListItem","position":2,"name":"Les gouvernements du Canada et du Qu\u00e9bec pr\u00e9sentent leurs Plans d\u2019Immigration"}]},{"@type":"WebSite","@id":"https:\/\/gombergdalfen.ca\/#website","url":"https:\/\/gombergdalfen.ca\/","name":"Gomberg Dalfen S.E.N.C.","description":"La loi sur l&#039;immigration","publisher":{"@id":"https:\/\/gombergdalfen.ca\/#organization"},"potentialAction":[{"@type":"SearchAction","target":{"@type":"EntryPoint","urlTemplate":"https:\/\/gombergdalfen.ca\/?s={search_term_string}"},"query-input":{"@type":"PropertyValueSpecification","valueRequired":true,"valueName":"search_term_string"}}],"inLanguage":"fr-FR"},{"@type":"Organization","@id":"https:\/\/gombergdalfen.ca\/#organization","name":"Gomberg Dalfen, S.E.N.C.","url":"https:\/\/gombergdalfen.ca\/","logo":{"@type":"ImageObject","inLanguage":"fr-FR","@id":"https:\/\/gombergdalfen.ca\/#\/schema\/logo\/image\/","url":"https:\/\/gombergdalfen.ca\/wp-content\/uploads\/2019\/08\/logo.png","contentUrl":"https:\/\/gombergdalfen.ca\/wp-content\/uploads\/2019\/08\/logo.png","width":750,"height":203,"caption":"Gomberg Dalfen, S.E.N.C."},"image":{"@id":"https:\/\/gombergdalfen.ca\/#\/schema\/logo\/image\/"}},{"@type":"Person","@id":"https:\/\/gombergdalfen.ca\/#\/schema\/person\/40b749e05caa39ebbaef928bf8673752","name":"Neal Caminsky","image":{"@type":"ImageObject","inLanguage":"fr-FR","@id":"https:\/\/secure.gravatar.com\/avatar\/3eb33df5f92790e491e0b578136a61d33d1e13838e36b3b800df19bca5e61f62?s=96&d=mm&r=g","url":"https:\/\/secure.gravatar.com\/avatar\/3eb33df5f92790e491e0b578136a61d33d1e13838e36b3b800df19bca5e61f62?s=96&d=mm&r=g","contentUrl":"https:\/\/secure.gravatar.com\/avatar\/3eb33df5f92790e491e0b578136a61d33d1e13838e36b3b800df19bca5e61f62?s=96&d=mm&r=g","caption":"Neal Caminsky"}}]}},"_links":{"self":[{"href":"https:\/\/gombergdalfen.ca\/fr\/wp-json\/wp\/v2\/posts\/1721","targetHints":{"allow":["GET"]}}],"collection":[{"href":"https:\/\/gombergdalfen.ca\/fr\/wp-json\/wp\/v2\/posts"}],"about":[{"href":"https:\/\/gombergdalfen.ca\/fr\/wp-json\/wp\/v2\/types\/post"}],"author":[{"embeddable":true,"href":"https:\/\/gombergdalfen.ca\/fr\/wp-json\/wp\/v2\/users\/2"}],"replies":[{"embeddable":true,"href":"https:\/\/gombergdalfen.ca\/fr\/wp-json\/wp\/v2\/comments?post=1721"}],"version-history":[{"count":1,"href":"https:\/\/gombergdalfen.ca\/fr\/wp-json\/wp\/v2\/posts\/1721\/revisions"}],"predecessor-version":[{"id":1723,"href":"https:\/\/gombergdalfen.ca\/fr\/wp-json\/wp\/v2\/posts\/1721\/revisions\/1723"}],"wp:attachment":[{"href":"https:\/\/gombergdalfen.ca\/fr\/wp-json\/wp\/v2\/media?parent=1721"}],"wp:term":[{"taxonomy":"category","embeddable":true,"href":"https:\/\/gombergdalfen.ca\/fr\/wp-json\/wp\/v2\/categories?post=1721"},{"taxonomy":"post_tag","embeddable":true,"href":"https:\/\/gombergdalfen.ca\/fr\/wp-json\/wp\/v2\/tags?post=1721"}],"curies":[{"name":"wp","href":"https:\/\/api.w.org\/{rel}","templated":true}]}}